{"id":29533,"date":"2021-07-14T13:24:04","date_gmt":"2021-07-14T16:24:04","guid":{"rendered":"https:\/\/vittude.aztecweb.net\/?p=29533"},"modified":"2023-08-30T09:20:00","modified_gmt":"2023-08-30T12:20:00","slug":"perfil-comportamental-importancia-dos-perfis-na-gestao","status":"publish","type":"post","link":"https:\/\/vittude.com\/blog\/perfil-comportamental-importancia-dos-perfis-na-gestao\/","title":{"rendered":"Perfil comportamental: a import\u00e2ncia dos perfis na gest\u00e3o"},"content":{"rendered":"\n\n<div class=\"kk-star-ratings kksr-auto kksr-align-left kksr-valign-top\"\n    data-payload='{&quot;align&quot;:&quot;left&quot;,&quot;id&quot;:&quot;29533&quot;,&quot;slug&quot;:&quot;default&quot;,&quot;valign&quot;:&quot;top&quot;,&quot;ignore&quot;:&quot;&quot;,&quot;reference&quot;:&quot;auto&quot;,&quot;class&quot;:&quot;&quot;,&quot;count&quot;:&quot;2&quot;,&quot;legendonly&quot;:&quot;&quot;,&quot;readonly&quot;:&quot;&quot;,&quot;score&quot;:&quot;4.5&quot;,&quot;starsonly&quot;:&quot;&quot;,&quot;best&quot;:&quot;5&quot;,&quot;gap&quot;:&quot;4&quot;,&quot;greet&quot;:&quot;&quot;,&quot;legend&quot;:&quot;4.5\\\/5 - (2 votos)&quot;,&quot;size&quot;:&quot;16&quot;,&quot;title&quot;:&quot;Perfil comportamental: a import\u00e2ncia dos perfis na gest\u00e3o&quot;,&quot;width&quot;:&quot;88&quot;,&quot;_legend&quot;:&quot;{score}\\\/{best} - ({count} {votes})&quot;,&quot;font_factor&quot;:&quot;1.25&quot;}'>\n            \n<div class=\"kksr-stars\">\n    \n<div class=\"kksr-stars-inactive\">\n            <div class=\"kksr-star\" data-star=\"1\" style=\"padding-right: 4px\">\n            \n\n<div class=\"kksr-icon\" style=\"width: 16px; height: 16px;\"><\/div>\n        <\/div>\n            <div class=\"kksr-star\" data-star=\"2\" style=\"padding-right: 4px\">\n            \n\n<div class=\"kksr-icon\" style=\"width: 16px; height: 16px;\"><\/div>\n        <\/div>\n            <div class=\"kksr-star\" data-star=\"3\" style=\"padding-right: 4px\">\n            \n\n<div class=\"kksr-icon\" style=\"width: 16px; height: 16px;\"><\/div>\n        <\/div>\n            <div class=\"kksr-star\" data-star=\"4\" style=\"padding-right: 4px\">\n            \n\n<div class=\"kksr-icon\" style=\"width: 16px; height: 16px;\"><\/div>\n        <\/div>\n            <div class=\"kksr-star\" data-star=\"5\" style=\"padding-right: 4px\">\n            \n\n<div class=\"kksr-icon\" style=\"width: 16px; height: 16px;\"><\/div>\n        <\/div>\n    <\/div>\n    \n<div class=\"kksr-stars-active\" style=\"width: 88px;\">\n            <div class=\"kksr-star\" style=\"padding-right: 4px\">\n            \n\n<div class=\"kksr-icon\" style=\"width: 16px; height: 16px;\"><\/div>\n        <\/div>\n            <div class=\"kksr-star\" style=\"padding-right: 4px\">\n            \n\n<div class=\"kksr-icon\" style=\"width: 16px; height: 16px;\"><\/div>\n        <\/div>\n            <div class=\"kksr-star\" style=\"padding-right: 4px\">\n            \n\n<div class=\"kksr-icon\" style=\"width: 16px; height: 16px;\"><\/div>\n        <\/div>\n            <div class=\"kksr-star\" style=\"padding-right: 4px\">\n            \n\n<div class=\"kksr-icon\" style=\"width: 16px; height: 16px;\"><\/div>\n        <\/div>\n            <div class=\"kksr-star\" style=\"padding-right: 4px\">\n            \n\n<div class=\"kksr-icon\" style=\"width: 16px; height: 16px;\"><\/div>\n        <\/div>\n    <\/div>\n<\/div>\n                \n\n<div class=\"kksr-legend\" style=\"font-size: 12.8px;\">\n            4.5\/5 - (2 votos)    <\/div>\n    <\/div>\n\n<p>A an\u00e1lise de <strong>perfil comportamental <\/strong>tem um papel importante no crescimento e desenvolvimento de uma empresa e de seus colaboradores.<\/p>\n\n\n\n<p>\u00c9 preciso ter em mente que cada indiv\u00edduo tem experi\u00eancias, compet\u00eancias e habilidades diferentes. Quando se tem clareza sobre isso, a organiza\u00e7\u00e3o consegue extrair o melhor de cada profissional e, ao mesmo tempo, focar em um recrutamento de talentos mais direcionado, voltado para os perfis adequados para cada cargo e fun\u00e7\u00e3o.<\/p>\n\n\n\n<p>Neste artigo, voc\u00ea entender\u00e1 a import\u00e2ncia dos perfis comportamentais para a sua empresa e quais s\u00e3o os principais tipos. Continue a leitura para conferir todas as informa\u00e7\u00f5es! &nbsp;<\/p>\n\n\n\n<h2 class=\"wp-block-heading\">O que \u00e9 perfil comportamental?<\/h2>\n\n\n\n<p>O perfil comportamental se trata de um <strong>conjunto de comportamentos e rea\u00e7\u00f5es<\/strong> que estruturam a personalidade de uma pessoa diante de determinadas situa\u00e7\u00f5es. \u00c9 importante, portanto, para que a empresa entenda qual ser\u00e1 a forma de agir de um colaborador diante de diferentes est\u00edmulos ao longo do dia a dia de trabalho.<\/p>\n\n\n\n<p>Cada pessoa tem viv\u00eancias e experi\u00eancias diferentes que constituem a sua forma de ser, pensar, se comunicar e agir. Dependendo da personalidade, pode ser mais interessante que ela atue em uma \u00e1rea ou fun\u00e7\u00e3o dentro da organiza\u00e7\u00e3o.<\/p>\n\n\n\n<p>Para entender melhor, basta pensar no seguinte exemplo: algumas pessoas gostam mais de trabalhar sob press\u00e3o, se sentindo estimuladas com prazos curtos. Por outro lado, h\u00e1 quem n\u00e3o funcione nesse formato, pois fica muito ansioso e paralisado, precisando de mais tempo e calma para executar as suas tarefas.<\/p>\n\n\n\n<p>Percebe como s\u00e3o <strong>duas formas distintas de se reagir<\/strong> a uma determinada situa\u00e7\u00e3o?<\/p>\n\n\n\n<p>N\u00e3o existe um perfil melhor do que outro, simplesmente s\u00e3o personalidades diferentes que se encaixam melhor em um ou outro contexto. O importante de conhecer o perfil comportamental de cada um \u00e9 que, dessa forma, \u00e9 poss\u00edvel extrair o m\u00e1ximo potencial das pessoas.<\/p>\n\n\n\n<h2 class=\"wp-block-heading\">Qual \u00e9 a import\u00e2ncia do perfil comportamental para a empresa?<\/h2>\n\n\n\n<p>Como j\u00e1 citado ao longo do artigo, um dos principais benef\u00edcios de se conhecer o perfil comportamental dos seus colaboradores \u00e9 reconhecer os talentos dispon\u00edveis e como potencializ\u00e1-los da maneira mais inteligente poss\u00edvel.<\/p>\n\n\n\n<p>Dessa forma, a empresa consegue usufruir dos profissionais que t\u00eam \u00e0 disposi\u00e7\u00e3o para alavancar o crescimento, tanto deles como da pr\u00f3pria organiza\u00e7\u00e3o.<\/p>\n\n\n\n<p>Em seguida, confira algumas das outras vantagens do perfil comportamental para o dia a dia de trabalho:<\/p>\n\n\n\n<h3 class=\"wp-block-heading\">Clareza sobre pr\u00f3ximos passos na carreira<\/h3>\n\n\n\n<p>Quando uma pessoa tem clareza sobre os seus pontos fortes e o que deve desenvolver, consegue entender melhor quais podem ser os seus pr\u00f3ximos passos na carreira.<\/p>\n\n\n\n<p>Ao conhecer profundamente o seu perfil comportamental pode, por exemplo, entender se quer seguir uma carreira de gest\u00e3o ou especialista. Tamb\u00e9m consegue <strong>focar mais nos pontos de desenvolvimento<\/strong> e refor\u00e7ar no dia a dia de trabalho aquilo que j\u00e1 vem fazendo muito bem e \u00e9 a sua fortaleza.<\/p>\n\n\n\n<h3 class=\"wp-block-heading\">Maior motiva\u00e7\u00e3o<\/h3>\n\n\n\n<p>Outro grande benef\u00edcio da an\u00e1lise de perfil comportamental \u00e9 que conforme a empresa reconhece e valoriza as habilidades e compet\u00eancias de cada um, esses <a href=\"https:\/\/vittude.com\/blog\/motivacao-dos-colaboradores-como-elevar\/\" target=\"_blank\" rel=\"noreferrer noopener\">profissionais se sentem mais motivados<\/a>. Isso porque passam a enxergar a sua import\u00e2ncia para os resultados alcan\u00e7ados.<\/p>\n\n\n\n<h3 class=\"wp-block-heading\">Redu\u00e7\u00e3o de turnover<\/h3>\n\n\n\n<p>A clareza de perfis comportamentais ajuda a empresa a alocar profissionais em fun\u00e7\u00f5es compat\u00edveis com suas habilidades, o que aumenta as chances de elevar a <strong>satisfa\u00e7\u00e3o e motiva\u00e7\u00e3o no trabalho.<\/strong><\/p>\n\n\n\n<p>Com isso, a tend\u00eancia \u00e9 que os n\u00edveis de <a href=\"https:\/\/vittude.com\/blog\/turnover\/\" target=\"_blank\" rel=\"noreferrer noopener\">turnover,<\/a> ou seja, de rotatividade, sejam reduzidos, pois os colaboradores est\u00e3o mais felizes e engajados.<\/p>\n\n\n\n<h3 class=\"wp-block-heading\">Aumento da produtividade<\/h3>\n\n\n\n<p>Quando as pessoas est\u00e3o motivadas, felizes e engajadas, consequentemente a <a href=\"https:\/\/vittude.com\/blog\/como-elevar-produtividade-colaboradores\/\" target=\"_blank\" rel=\"noreferrer noopener\">produtividade<\/a> tende a ser maior. Al\u00e9m disso, a partir do momento em que um profissional est\u00e1 alocado em uma<strong> fun\u00e7\u00e3o compat\u00edvel com as suas compet\u00eancias e habilidades,<\/strong> tende a executar seu trabalho com mais facilidade.<\/p>\n\n\n\n<h3 class=\"wp-block-heading\">Melhoria no recrutamento<\/h3>\n\n\n\n<p>Conhecer os perfis comportamentais existentes dentro da empresa \u00e9 essencial para a execu\u00e7\u00e3o de um <a href=\"https:\/\/vittude.com\/blog\/o-que-e-atracao-e-retencao-de-talentos\/\" target=\"_blank\" rel=\"noreferrer noopener\">recrutamento muito mais direcionado<\/a>. Ao saber quais s\u00e3o os gaps atuais no quadro de colaboradores, fica mais f\u00e1cil ir atr\u00e1s de profissionais que preencham essas necessidades e complementem o time.<\/p>\n\n\n\n<h3 class=\"wp-block-heading\">Times mais fortes e plurais<\/h3>\n\n\n\n<p>Conhecer o perfil comportamental de cada colaborador \u00e9 essencial para a cria\u00e7\u00e3o de times mais integrados e fortes,<strong> com talentos complementares. <\/strong><\/p>\n\n\n\n<p>Por outro lado, quando n\u00e3o se tem clareza sobre os pontos fortes e fracos de cada um, pode ser que se forme uma equipe repleta de pessoas com as mesmas habilidades e, portanto, com os mesmos gaps de conhecimento e compet\u00eancias tamb\u00e9m.<\/p>\n\n\n\n<h3 class=\"wp-block-heading\">Melhor gest\u00e3o de conflitos internos<\/h3>\n\n\n\n<p>Quando h\u00e1 um conflito no time, o gestor \u00e9 capaz de compreender os diferentes pontos de vista e lidar com cada um dos membros da equipe <strong>levando em considera\u00e7\u00e3o seus tra\u00e7os de personalidade.<\/strong><\/p>\n\n\n\n<h2 class=\"wp-block-heading\">Quais s\u00e3o os principais tipos de perfis comportamentais?<\/h2>\n\n\n\n<p>Agora que j\u00e1 ficou clara a import\u00e2ncia do perfil comportamental na rotina de trabalho dentro das empresas, confira os principais tipos de perfis existentes:<\/p>\n\n\n\n<h3 class=\"wp-block-heading\">Comunicador<\/h3>\n\n\n\n<p>O comunicador se trata de algu\u00e9m com <strong>carisma e persuas\u00e3o,<\/strong> al\u00e9m de ser otimista e positivo na constru\u00e7\u00e3o de rela\u00e7\u00f5es e tamb\u00e9m no envolvimento com projetos e resultados. Al\u00e9m disso, pode ser uma pessoa bem criativa tamb\u00e9m.<\/p>\n\n\n\n<p>Estamos falando sobre uma pessoa com bons <a href=\"https:\/\/vittude.com\/blog\/como-lider-deve-tratar-relacionamento-interpessoal-no-trabalho\/\" target=\"_blank\" rel=\"noreferrer noopener\">relacionamentos interpessoais,<\/a> que chega at\u00e9 mesmo a ter um poder de influ\u00eancia em rela\u00e7\u00e3o a quem est\u00e1 ao seu redor. Costuma ser algu\u00e9m que gosta de trabalhar em equipe e apaziguar conflitos. H\u00e1, portanto, uma tend\u00eancia natural em unir as pessoas e socializar.<\/p>\n\n\n\n<p>O lado n\u00e3o t\u00e3o bom \u00e9 a<strong> falta de planejamento e an\u00e1lise, <\/strong>al\u00e9m da dificuldade em seguir processos, cronogramas e regras.<\/p>\n\n\n\n<p>Vale pontuar que times com fortes caracter\u00edsticas do comunicador podem acabar prometendo mais do que cumprindo e pecando na organiza\u00e7\u00e3o e datas de entregas.<\/p>\n\n\n\n<h3 class=\"wp-block-heading\">Analista<\/h3>\n\n\n\n<p>O analista \u00e9<strong> detalhista, preocupado, respons\u00e1vel<\/strong>, organizado e bastante conservador. \u00c9, portando, um tipo de pessoa que consegue lidar com rotinas e processos repetitivos.<\/p>\n\n\n\n<p>\u00c9 algu\u00e9m que gosta muito de mapear e aprimorar fluxos de trabalho de tal forma que tudo seja realizado da melhor maneira poss\u00edvel. Por ser muito respons\u00e1vel e preocupado, \u00e9 um profissional que sempre procura cumprir todas as tarefas com seguran\u00e7a.<\/p>\n\n\n\n<p>\u00c9 um perfil comportamental que <strong>n\u00e3o gosta de trabalhar sob press\u00e3o<\/strong>. Times com analistas costumam ser bem precisos, sendo um tipo de pessoa muito eficiente em fun\u00e7\u00f5es que exigem especializa\u00e7\u00e3o.<\/p>\n\n\n\n<p>Por outro lado, os analistas tendem a ter problemas com a aus\u00eancia de decis\u00e3o ou comando, ou seja, t\u00eam dificuldade para se autogerenciar. A indecis\u00e3o \u00e9 outra caracter\u00edstica que pode ser um pouco ruim dependendo do contexto, principalmente aqueles que exigem tomada de riscos.<\/p>\n\n\n\n<h3 class=\"wp-block-heading\">Executor<\/h3>\n\n\n\n<p>O executar \u00e9 um tipo de pessoa que <strong>adora adversidades e obst\u00e1culos,<\/strong> pois tem um alto senso de competitividade. \u00c9 corajoso e sempre procura defender as suas opini\u00f5es, mas, ao mesmo tempo, pode acabar sendo um pouco autorit\u00e1rio demais.<\/p>\n\n\n\n<p>Trata-se de um perfil que ir\u00e1 executar o que for necess\u00e1rio e, para isso, ser\u00e1 capaz de ultrapassar dificuldades e desafios, o que destaca o seu alto n\u00edvel de autoconfian\u00e7a e o foco em resultados.<\/p>\n\n\n\n<p>O outro lado da moeda \u00e9 que a persegui\u00e7\u00e3o constante por resultados pode n\u00e3o ser t\u00e3o interessante quando se trata de algo inating\u00edvel ou desnecess\u00e1rio. Al\u00e9m disso, o executor tem <strong>dificuldades para seguir as normas da empresa <\/strong>quando se tornam adversidades e de trabalhar junto de outras \u00e1reas.<\/p>\n\n\n\n<p>\u00c9 um perfil com vi\u00e9s empreendedor e times que n\u00e3o contam com essas caracter\u00edsticas podem se sentir amedrontados com metas dif\u00edceis de serem alcan\u00e7adas. O executor \u00e9 essencial para movimentar e fazer acontecer.<\/p>\n\n\n\n<h3 class=\"wp-block-heading\">Planejador<\/h3>\n\n\n\n<p>Por fim, o planejador \u00e9 <strong>est\u00e1vel e conservador.<\/strong> Um perfil comportamental controlado e que costuma trabalhar com bastante anteced\u00eancia para n\u00e3o entrar em p\u00e2nico. Por outro lado, tem dificuldade para improvisar e pouca facilidade para pensar fora da caixa, o que pode n\u00e3o ser t\u00e3o interessante em \u00e1reas que visam a inova\u00e7\u00e3o constante.<\/p>\n\n\n\n<p>\u00c9 uma pessoa que trabalha muito bem em equipe, sendo paciente, equilibrada e de f\u00e1cil conviv\u00eancia, procurando sempre evitar conflitos. Este perfil costuma ser utilizado como<strong> ponto de contato e acompanhamento de resultados<\/strong> da equipe justamente pela sua boa conviv\u00eancia e senso de responsabilidade.<\/p>\n\n\n\n<p>Quase todas as qualidades de um l\u00edder est\u00e3o concentradas no planejador, mas vale pontuar que ele pode ter uma tend\u00eancia ao pessimismo e medo de que tudo n\u00e3o saia conforme o planejado.<\/p>\n\n\n\n<h2 class=\"wp-block-heading\">Como identificar os perfis comportamentais dos colaboradores?<\/h2>\n\n\n\n<p>Como voc\u00ea conferiu, cada perfil tem os seus pontos fortes e fracos e o interessante \u00e9 <strong>montar times equilibrados e plurais,<\/strong> com pessoas de diferentes personalidades.<\/p>\n\n\n\n<p>Para isso, \u00e9 importante identificar esses perfis e existem v\u00e1rias maneiras de se fazer isso dentro da empresa. Confira algumas delas:<\/p>\n\n\n\n<h3 class=\"wp-block-heading\">An\u00e1lise comportamental DISC&nbsp;&nbsp;&nbsp;&nbsp;&nbsp;&nbsp;&nbsp;&nbsp;&nbsp;&nbsp;&nbsp;&nbsp;&nbsp;&nbsp;&nbsp;&nbsp;&nbsp;&nbsp;&nbsp;&nbsp;&nbsp;&nbsp;&nbsp;&nbsp;<\/h3>\n\n\n\n<p>Trata-se de uma metodologia focada em perguntas objetivas com diferentes alternativas e a an\u00e1lise \u00e9 realizada com base nas respostas. O objetivo \u00e9 <strong>entender o modelo mental da pessoa,<\/strong> ou seja, como ela pensa e age. Dessa forma, \u00e9 poss\u00edvel potencializar habilidades e aperfei\u00e7oar resultados.<\/p>\n\n\n\n<p>O DISC foi elaborado em 1920, por William Marston, PhD em Psicologia pela Universidade de Harvard, e at\u00e9 hoje \u00e9 muito utilizado. A interpreta\u00e7\u00e3o dos resultados varia de acordo com a sigla DISC, que significa:<\/p>\n\n\n\n<ul class=\"wp-block-list\"><li><strong>domin\u00e2ncia:<\/strong> indica como uma pessoa reage diante de dificuldades e remete ao controle, poder e assertividade;<\/li><li><strong>influ\u00eancia:<\/strong> diz respeito \u00e0 comunica\u00e7\u00e3o, rela\u00e7\u00f5es interpessoais, poder de influ\u00eancia e capacidade de trabalhar em grupo;<\/li><li><strong>estabilidade: <\/strong>est\u00e1 relacionada \u00e0 resili\u00eancia, paci\u00eancia e persist\u00eancia;<\/li><li><strong>cautela:<\/strong> indica se uma pessoa est\u00e1 propensa a aceitar as regras.<\/li><\/ul>\n\n\n\n<p>O DISC \u00e9 um m\u00e9todo muito conceituado e preciso para diagnosticar as compet\u00eancias dos profissionais. Al\u00e9m disso, pode ser aplicado tamb\u00e9m no processo de recrutamento para ajudar na sele\u00e7\u00e3o dos talentos mais certeiros para a organiza\u00e7\u00e3o.<\/p>\n\n\n\n<h3 class=\"wp-block-heading\">Entrevista comportamental STAR<\/h3>\n\n\n\n<p>Outra maneira de analisar o perfil comportamental dos colaboradores \u00e9 por meio da metodologia STAR, que \u00e9 \u00f3tima para <strong>organizar as respostas a partir de exemplos reais. <\/strong>Dessa forma, voc\u00ea consegue analisar se o profissional em quest\u00e3o tem experi\u00eancia e compet\u00eancia para determinada fun\u00e7\u00e3o. \u00c9 muito \u00fatil, principalmente, no momento do recrutamento. <\/p>\n\n\n\n<p>Para ficar mais claro como funciona, imagine a seguinte pergunta: <em>\u201ccomo voc\u00ea lida com frustra\u00e7\u00f5es no trabalho?\u201d. <\/em>A resposta dever\u00e1 passar pela sigla STAR:<\/p>\n\n\n\n<ul class=\"wp-block-list\"><li><strong>situa\u00e7\u00e3o:<\/strong> descrever uma situa\u00e7\u00e3o em que precisou lidar com uma frustra\u00e7\u00e3o no trabalho;<\/li><li><strong>tarefa: <\/strong>qual era a sua responsabilidade, ou seja, o que precisava ser feito, quais eram as adversidades;<\/li><li><strong>a\u00e7\u00e3o: <\/strong>quais foram as atitudes tomadas para resolver o problema e como chegou neste caminho;<\/li><li><strong>resultado: <\/strong>quais foram os resultados alcan\u00e7ados a partir das atitudes tomadas.<\/li><\/ul>\n\n\n\n<h3 class=\"wp-block-heading\">Avalia\u00e7\u00f5es de desempenho<\/h3>\n\n\n\n<p>A <a href=\"https:\/\/vittude.com\/blog\/avaliacao-de-desempenho\/\" target=\"_blank\" rel=\"noreferrer noopener\">avalia\u00e7\u00e3o de desempenho<\/a> n\u00e3o visa tra\u00e7ar um perfil comportamental, mas tamb\u00e9m pode ser \u00fatil nesse momento, <strong>ajudando a entender pontos fortes e fracos dos profissionais.<\/strong><\/p>\n\n\n\n<p>Trata-se de uma ferramenta utilizada com o objetivo de avaliar o desempenho dos colaboradores, portanto, tamb\u00e9m ajuda a ressaltar compet\u00eancias e habilidades, al\u00e9m de contribuir com exemplos concretos de rea\u00e7\u00f5es e comportamentos.<\/p>\n\n\n\n<p>Portanto, empresas que j\u00e1 aplica regularmente avalia\u00e7\u00f5es de desempenho podem usufruir desse material para a an\u00e1lise de perfil comportamental.<\/p>\n\n\n\n<h2 class=\"wp-block-heading\">Perfis tra\u00e7ados: e agora?<\/h2>\n\n\n\n<p>Bom, agora que voc\u00ea j\u00e1 compreendeu a import\u00e2ncia do perfil comportamental e como ele pode ser estudado dentro da sua empresa, fica a pergunta: o que pode ser feito depois desses estudos?<\/p>\n\n\n\n<p>Bom, a partir do momento em que organiza\u00e7\u00e3o e colaborador t\u00eam consci\u00eancia desse perfil, vale a pena partir para a pr\u00f3xima etapa, que nada mais \u00e9 do que potencializar as habilidades e compet\u00eancias positivas e trabalhar as que ainda precisam ser aprimoradas.<\/p>\n\n\n\n<p>Uma das melhores formas de se fazer isso \u00e9 por meio da <a href=\"https:\/\/vittude.com\/blog\/a-importancia-da-psicoterapia-para-as-empresas\/\">psicoterapia<\/a>, que \u00e9 um processo profundo de autoconhecimento capaz de auxiliar nesse desenvolvimento. <strong>Existem psic\u00f3logos especializados em carreira <\/strong>que s\u00e3o os profissionais ideias para conduzir esse momento ao lado dos colaboradores da empresa.<\/p>\n\n\n\n<p>Muita gente ainda associa a psicoterapia somente \u00e0 preven\u00e7\u00e3o e tratamento de dist\u00farbios psicol\u00f3gicos, mas n\u00e3o \u00e9 s\u00f3 isso. Tamb\u00e9m pode ser uma ferramenta poderosa para o desenvolvimento de habilidades interpessoais, <a href=\"https:\/\/vittude.com\/blog\/como-ter-inteligencia-emocional-no-ambiente-de-trabalho-confira-8-superdicas\/\" target=\"_blank\" rel=\"noreferrer noopener\">intelig\u00eancia emocional<\/a>, <a href=\"https:\/\/vittude.com\/blog\/comunicacao-10-dicas-para-ser-um-comunicador\/\" target=\"_blank\" rel=\"noreferrer noopener\">comunica\u00e7\u00e3o<\/a>, lideran\u00e7a, resili\u00eancia etc.<\/p>\n\n\n\n<p>Portanto, se ap\u00f3s o estudo de perfis comportamentais a sua empresa quiser ir al\u00e9m, o ideal \u00e9 oferecer a <a href=\"https:\/\/www.vittude.com\/empresas\/\">psicoterapia como um benef\u00edcio corporativo<\/a> para <strong>potencializar o desenvolvimento de cada um dos colaboradores.<\/strong><\/p>\n\n\n\n<p>O passo a passo voc\u00ea j\u00e1 tem, agora \u00e9 come\u00e7ar a colocar em pr\u00e1tica. Vamos l\u00e1?<\/p>\n","protected":false},"excerpt":{"rendered":"<p>Cada trabalhador tem um perfil comportamental diferente. Lidar com eles, at\u00e9 mesmo na lideran\u00e7a, \u00e9 essencial. Veja como reconhecer e aproveitar ao m\u00e1ximo cada um!<\/p>\n","protected":false},"author":1563,"featured_media":29534,"comment_status":"open","ping_status":"open","sticky":false,"template":"","format":"standard","meta":{"_acf_changed":false,"footnotes":""},"categories":[3882],"tags":[3908],"class_list":["post-29533","post","type-post","status-publish","format-standard","has-post-thumbnail","hentry","category-saude-ocupacional","tag-gestao-de-pessoas"],"acf":[],"yoast_head":"<!-- This site is optimized with the Yoast SEO plugin v27.2 - https:\/\/yoast.com\/product\/yoast-seo-wordpress\/ -->\n<title>Perfil comportamental: a import\u00e2ncia dos perfis na gest\u00e3o | Vittude Corporate<\/title>\n<meta name=\"description\" content=\"Voce j\u00e1 ouviu falar em perfil comportamental? Entenda a sua import\u00e2ncia para as empresas e como identific\u00e1-lo nos seus colaboradores.\" \/>\n<meta name=\"robots\" content=\"index, follow, max-snippet:-1, max-image-preview:large, max-video-preview:-1\" \/>\n<link rel=\"canonical\" href=\"https:\/\/vittude.com\/blog\/perfil-comportamental-importancia-dos-perfis-na-gestao\/\" \/>\n<meta property=\"og:locale\" content=\"pt_BR\" \/>\n<meta property=\"og:type\" content=\"article\" \/>\n<meta property=\"og:title\" content=\"Perfil comportamental: a import\u00e2ncia dos perfis na gest\u00e3o | Vittude Corporate\" \/>\n<meta property=\"og:description\" content=\"Voce j\u00e1 ouviu falar em perfil comportamental? Entenda a sua import\u00e2ncia para as empresas e como identific\u00e1-lo nos seus colaboradores.\" \/>\n<meta property=\"og:url\" content=\"https:\/\/vittude.com\/blog\/perfil-comportamental-importancia-dos-perfis-na-gestao\/\" \/>\n<meta property=\"og:site_name\" content=\"Blog Vittude\" \/>\n<meta property=\"article:published_time\" content=\"2021-07-14T16:24:04+00:00\" \/>\n<meta property=\"article:modified_time\" content=\"2023-08-30T12:20:00+00:00\" \/>\n<meta property=\"og:image\" content=\"https:\/\/vittude.com\/blog\/wp-content\/uploads\/08-07-Perfil-comportamental-a-importancia-dos-perfis-na-gestao.png\" \/>\n\t<meta property=\"og:image:width\" content=\"829\" \/>\n\t<meta property=\"og:image:height\" content=\"487\" \/>\n\t<meta property=\"og:image:type\" content=\"image\/png\" \/>\n<meta name=\"author\" content=\"Bruna Cosenza\" \/>\n<meta name=\"twitter:card\" content=\"summary_large_image\" \/>\n<meta name=\"twitter:label1\" content=\"Escrito por\" \/>\n\t<meta name=\"twitter:data1\" content=\"Bruna Cosenza\" \/>\n\t<meta name=\"twitter:label2\" content=\"Est. tempo de leitura\" \/>\n\t<meta name=\"twitter:data2\" content=\"11 minutos\" \/>\n<!-- \/ Yoast SEO plugin. -->","yoast_head_json":{"title":"Perfil comportamental: a import\u00e2ncia dos perfis na gest\u00e3o | Vittude Corporate","description":"Voce j\u00e1 ouviu falar em perfil comportamental? Entenda a sua import\u00e2ncia para as empresas e como identific\u00e1-lo nos seus colaboradores.","robots":{"index":"index","follow":"follow","max-snippet":"max-snippet:-1","max-image-preview":"max-image-preview:large","max-video-preview":"max-video-preview:-1"},"canonical":"https:\/\/vittude.com\/blog\/perfil-comportamental-importancia-dos-perfis-na-gestao\/","og_locale":"pt_BR","og_type":"article","og_title":"Perfil comportamental: a import\u00e2ncia dos perfis na gest\u00e3o | Vittude Corporate","og_description":"Voce j\u00e1 ouviu falar em perfil comportamental? Entenda a sua import\u00e2ncia para as empresas e como identific\u00e1-lo nos seus colaboradores.","og_url":"https:\/\/vittude.com\/blog\/perfil-comportamental-importancia-dos-perfis-na-gestao\/","og_site_name":"Blog Vittude","article_published_time":"2021-07-14T16:24:04+00:00","article_modified_time":"2023-08-30T12:20:00+00:00","og_image":[{"width":829,"height":487,"url":"https:\/\/vittude.com\/blog\/wp-content\/uploads\/08-07-Perfil-comportamental-a-importancia-dos-perfis-na-gestao.png","type":"image\/png"}],"author":"Bruna Cosenza","twitter_card":"summary_large_image","twitter_misc":{"Escrito por":"Bruna Cosenza","Est. tempo de leitura":"11 minutos"},"schema":{"@context":"https:\/\/schema.org","@graph":[{"@type":"Article","@id":"https:\/\/vittude.com\/blog\/perfil-comportamental-importancia-dos-perfis-na-gestao\/#article","isPartOf":{"@id":"https:\/\/vittude.com\/blog\/perfil-comportamental-importancia-dos-perfis-na-gestao\/"},"author":{"name":"Bruna Cosenza","@id":"https:\/\/vittude.com\/blog\/#\/schema\/person\/c5a649d77f0ade8fc1a110d9421a1e15"},"headline":"Perfil comportamental: a import\u00e2ncia dos perfis na gest\u00e3o","datePublished":"2021-07-14T16:24:04+00:00","dateModified":"2023-08-30T12:20:00+00:00","mainEntityOfPage":{"@id":"https:\/\/vittude.com\/blog\/perfil-comportamental-importancia-dos-perfis-na-gestao\/"},"wordCount":2184,"commentCount":0,"publisher":{"@id":"https:\/\/vittude.com\/blog\/#organization"},"image":{"@id":"https:\/\/vittude.com\/blog\/perfil-comportamental-importancia-dos-perfis-na-gestao\/#primaryimage"},"thumbnailUrl":"https:\/\/vittude.com\/blog\/wp-content\/uploads\/08-07-Perfil-comportamental-a-importancia-dos-perfis-na-gestao.png","keywords":["Gest\u00e3o de Pessoas"],"articleSection":["Sa\u00fade Ocupacional"],"inLanguage":"pt-BR","potentialAction":[{"@type":"CommentAction","name":"Comment","target":["https:\/\/vittude.com\/blog\/perfil-comportamental-importancia-dos-perfis-na-gestao\/#respond"]}]},{"@type":"WebPage","@id":"https:\/\/vittude.com\/blog\/perfil-comportamental-importancia-dos-perfis-na-gestao\/","url":"https:\/\/vittude.com\/blog\/perfil-comportamental-importancia-dos-perfis-na-gestao\/","name":"Perfil comportamental: a import\u00e2ncia dos perfis na gest\u00e3o | Vittude Corporate","isPartOf":{"@id":"https:\/\/vittude.com\/blog\/#website"},"primaryImageOfPage":{"@id":"https:\/\/vittude.com\/blog\/perfil-comportamental-importancia-dos-perfis-na-gestao\/#primaryimage"},"image":{"@id":"https:\/\/vittude.com\/blog\/perfil-comportamental-importancia-dos-perfis-na-gestao\/#primaryimage"},"thumbnailUrl":"https:\/\/vittude.com\/blog\/wp-content\/uploads\/08-07-Perfil-comportamental-a-importancia-dos-perfis-na-gestao.png","datePublished":"2021-07-14T16:24:04+00:00","dateModified":"2023-08-30T12:20:00+00:00","description":"Voce j\u00e1 ouviu falar em perfil comportamental? Entenda a sua import\u00e2ncia para as empresas e como identific\u00e1-lo nos seus colaboradores.","breadcrumb":{"@id":"https:\/\/vittude.com\/blog\/perfil-comportamental-importancia-dos-perfis-na-gestao\/#breadcrumb"},"inLanguage":"pt-BR","potentialAction":[{"@type":"ReadAction","target":["https:\/\/vittude.com\/blog\/perfil-comportamental-importancia-dos-perfis-na-gestao\/"]}]},{"@type":"ImageObject","inLanguage":"pt-BR","@id":"https:\/\/vittude.com\/blog\/perfil-comportamental-importancia-dos-perfis-na-gestao\/#primaryimage","url":"https:\/\/vittude.com\/blog\/wp-content\/uploads\/08-07-Perfil-comportamental-a-importancia-dos-perfis-na-gestao.png","contentUrl":"https:\/\/vittude.com\/blog\/wp-content\/uploads\/08-07-Perfil-comportamental-a-importancia-dos-perfis-na-gestao.png","width":829,"height":487},{"@type":"BreadcrumbList","@id":"https:\/\/vittude.com\/blog\/perfil-comportamental-importancia-dos-perfis-na-gestao\/#breadcrumb","itemListElement":[{"@type":"ListItem","position":1,"name":"Blog","item":"https:\/\/vittude.com\/blog\/"},{"@type":"ListItem","position":2,"name":"Sa\u00fade Ocupacional","item":"https:\/\/vittude.com\/blog\/saude-ocupacional\/"},{"@type":"ListItem","position":3,"name":"Perfil comportamental: a import\u00e2ncia dos perfis na gest\u00e3o"}]},{"@type":"WebSite","@id":"https:\/\/vittude.com\/blog\/#website","url":"https:\/\/vittude.com\/blog\/","name":"Blog Vittude","description":"Os melhores conte\u00fados no Blog da Vittude, um portal de refer\u00eancia quando o assunto \u00e9 sa\u00fade mental e comportamento. Com mais de 2500 psic\u00f3logos, Vittude \u00e9 refer\u00eancia em Terapia Online no Brasil","publisher":{"@id":"https:\/\/vittude.com\/blog\/#organization"},"potentialAction":[{"@type":"SearchAction","target":{"@type":"EntryPoint","urlTemplate":"https:\/\/vittude.com\/blog\/?s={search_term_string}"},"query-input":{"@type":"PropertyValueSpecification","valueRequired":true,"valueName":"search_term_string"}}],"inLanguage":"pt-BR"},{"@type":"Organization","@id":"https:\/\/vittude.com\/blog\/#organization","name":"Vittude","url":"https:\/\/vittude.com\/blog\/","logo":{"@type":"ImageObject","inLanguage":"pt-BR","@id":"https:\/\/vittude.com\/blog\/#\/schema\/logo\/image\/","url":"https:\/\/www.vittude.com\/blog\/wp-content\/uploads\/logo-vittude.png","contentUrl":"https:\/\/www.vittude.com\/blog\/wp-content\/uploads\/logo-vittude.png","width":1921,"height":410,"caption":"Vittude"},"image":{"@id":"https:\/\/vittude.com\/blog\/#\/schema\/logo\/image\/"}},{"@type":"Person","@id":"https:\/\/vittude.com\/blog\/#\/schema\/person\/c5a649d77f0ade8fc1a110d9421a1e15","name":"Bruna Cosenza","image":{"@type":"ImageObject","inLanguage":"pt-BR","@id":"https:\/\/secure.gravatar.com\/avatar\/77669c695c964af76b89b6b5a759d024275a714e688fd9faa97507ff59819e54?s=96&d=mm&r=g","url":"https:\/\/secure.gravatar.com\/avatar\/77669c695c964af76b89b6b5a759d024275a714e688fd9faa97507ff59819e54?s=96&d=mm&r=g","contentUrl":"https:\/\/secure.gravatar.com\/avatar\/77669c695c964af76b89b6b5a759d024275a714e688fd9faa97507ff59819e54?s=96&d=mm&r=g","caption":"Bruna Cosenza"},"description":"Escritora, produtora de conte\u00fado freelancer e LinkedIn Top Voice 2019. Autora de \"Sentimentos em comum\" e \"Lola &amp; Benjamin\", escreve para inspirar as pessoas a tornarem seus sonhos reais para que tenham uma vida mais significativa.","url":"https:\/\/vittude.com\/blog\/author\/bruna-cosenza\/"}]}},"_links":{"self":[{"href":"https:\/\/vittude.com\/blog\/wp-json\/wp\/v2\/posts\/29533","targetHints":{"allow":["GET"]}}],"collection":[{"href":"https:\/\/vittude.com\/blog\/wp-json\/wp\/v2\/posts"}],"about":[{"href":"https:\/\/vittude.com\/blog\/wp-json\/wp\/v2\/types\/post"}],"author":[{"embeddable":true,"href":"https:\/\/vittude.com\/blog\/wp-json\/wp\/v2\/users\/1563"}],"replies":[{"embeddable":true,"href":"https:\/\/vittude.com\/blog\/wp-json\/wp\/v2\/comments?post=29533"}],"version-history":[{"count":1,"href":"https:\/\/vittude.com\/blog\/wp-json\/wp\/v2\/posts\/29533\/revisions"}],"predecessor-version":[{"id":29800,"href":"https:\/\/vittude.com\/blog\/wp-json\/wp\/v2\/posts\/29533\/revisions\/29800"}],"wp:featuredmedia":[{"embeddable":true,"href":"https:\/\/vittude.com\/blog\/wp-json\/wp\/v2\/media\/29534"}],"wp:attachment":[{"href":"https:\/\/vittude.com\/blog\/wp-json\/wp\/v2\/media?parent=29533"}],"wp:term":[{"taxonomy":"category","embeddable":true,"href":"https:\/\/vittude.com\/blog\/wp-json\/wp\/v2\/categories?post=29533"},{"taxonomy":"post_tag","embeddable":true,"href":"https:\/\/vittude.com\/blog\/wp-json\/wp\/v2\/tags?post=29533"}],"curies":[{"name":"wp","href":"https:\/\/api.w.org\/{rel}","templated":true}]}}