{"id":29288,"date":"2017-11-16T13:51:36","date_gmt":"2017-11-16T15:51:36","guid":{"rendered":"https:\/\/vittude.aztecweb.net\/?p=29288"},"modified":"2023-08-30T09:22:51","modified_gmt":"2023-08-30T12:22:51","slug":"medo-de-falar-em-publico","status":"publish","type":"post","link":"https:\/\/vittude.com\/blog\/medo-de-falar-em-publico\/","title":{"rendered":"Como falar em p\u00fablico: perca seu medo e aprenda a se comunicar"},"content":{"rendered":"\n\n<div class=\"kk-star-ratings kksr-auto kksr-align-left kksr-valign-top\"\n    data-payload='{&quot;align&quot;:&quot;left&quot;,&quot;id&quot;:&quot;29288&quot;,&quot;slug&quot;:&quot;default&quot;,&quot;valign&quot;:&quot;top&quot;,&quot;ignore&quot;:&quot;&quot;,&quot;reference&quot;:&quot;auto&quot;,&quot;class&quot;:&quot;&quot;,&quot;count&quot;:&quot;10&quot;,&quot;legendonly&quot;:&quot;&quot;,&quot;readonly&quot;:&quot;&quot;,&quot;score&quot;:&quot;3.8&quot;,&quot;starsonly&quot;:&quot;&quot;,&quot;best&quot;:&quot;5&quot;,&quot;gap&quot;:&quot;4&quot;,&quot;greet&quot;:&quot;&quot;,&quot;legend&quot;:&quot;3.8\\\/5 - (10 votos)&quot;,&quot;size&quot;:&quot;16&quot;,&quot;title&quot;:&quot;Como falar em p\u00fablico: perca seu medo e aprenda a se comunicar&quot;,&quot;width&quot;:&quot;74&quot;,&quot;_legend&quot;:&quot;{score}\\\/{best} - ({count} {votes})&quot;,&quot;font_factor&quot;:&quot;1.25&quot;}'>\n            \n<div class=\"kksr-stars\">\n    \n<div class=\"kksr-stars-inactive\">\n            <div class=\"kksr-star\" data-star=\"1\" style=\"padding-right: 4px\">\n            \n\n<div class=\"kksr-icon\" style=\"width: 16px; height: 16px;\"><\/div>\n        <\/div>\n            <div class=\"kksr-star\" data-star=\"2\" style=\"padding-right: 4px\">\n            \n\n<div class=\"kksr-icon\" style=\"width: 16px; height: 16px;\"><\/div>\n        <\/div>\n            <div class=\"kksr-star\" data-star=\"3\" style=\"padding-right: 4px\">\n            \n\n<div class=\"kksr-icon\" style=\"width: 16px; height: 16px;\"><\/div>\n        <\/div>\n            <div class=\"kksr-star\" data-star=\"4\" style=\"padding-right: 4px\">\n            \n\n<div class=\"kksr-icon\" style=\"width: 16px; height: 16px;\"><\/div>\n        <\/div>\n            <div class=\"kksr-star\" data-star=\"5\" style=\"padding-right: 4px\">\n            \n\n<div class=\"kksr-icon\" style=\"width: 16px; height: 16px;\"><\/div>\n        <\/div>\n    <\/div>\n    \n<div class=\"kksr-stars-active\" style=\"width: 74px;\">\n            <div class=\"kksr-star\" style=\"padding-right: 4px\">\n            \n\n<div class=\"kksr-icon\" style=\"width: 16px; height: 16px;\"><\/div>\n        <\/div>\n            <div class=\"kksr-star\" style=\"padding-right: 4px\">\n            \n\n<div class=\"kksr-icon\" style=\"width: 16px; height: 16px;\"><\/div>\n        <\/div>\n            <div class=\"kksr-star\" style=\"padding-right: 4px\">\n            \n\n<div class=\"kksr-icon\" style=\"width: 16px; height: 16px;\"><\/div>\n        <\/div>\n            <div class=\"kksr-star\" style=\"padding-right: 4px\">\n            \n\n<div class=\"kksr-icon\" style=\"width: 16px; height: 16px;\"><\/div>\n        <\/div>\n            <div class=\"kksr-star\" style=\"padding-right: 4px\">\n            \n\n<div class=\"kksr-icon\" style=\"width: 16px; height: 16px;\"><\/div>\n        <\/div>\n    <\/div>\n<\/div>\n                \n\n<div class=\"kksr-legend\" style=\"font-size: 12.8px;\">\n            3.8\/5 - (10 votos)    <\/div>\n    <\/div>\n\n<p>Voc\u00ea tem<strong> medo de falar em p\u00fablico<\/strong>? Respons\u00e1vel por causar inseguran\u00e7a e nervosismo em apresenta\u00e7\u00f5es p\u00fablicas, o medo pode te impedir de se desenvolver profissionalmente.<\/p>\n\n\n\n<p>Seja na escola ou no trabalho, \u00e9 comum nos depararmos ao longo de nossas vidas com o medo de falar ou apresentar algo em p\u00fablico.<\/p>\n\n\n\n<p>A ansiedade e o nervosismo dominam aqueles que sofrem deste mal. Isso resulta diretamente no bloqueio do desenvolvimento, fazendo com que muitas pessoas percam grandes oportunidades.<\/p>\n\n\n\n<p>Entretanto, existem algumas maneiras de dominar o receio e encarar as situa\u00e7\u00f5es da melhor maneira poss\u00edvel, desfrutando das oportunidades para o crescimento pessoal e profissional.<\/p>\n\n\n\n<figure class=\"wp-block-image\"><a href=\"https:\/\/conteudo.vittude.com\/trilha-de-emails-autoconhecimento?utm_source=blog&amp;utm_medium=banner&amp;utm_campaign=como-falar-em-publico-perca-seu-medo-e-aprenda-a-se-comunicar\" target=\"_blank\" rel=\"noreferrer noopener\"><img fetchpriority=\"high\" decoding=\"async\" width=\"900\" height=\"350\" src=\"https:\/\/vittude.com\/blog\/wp-content\/uploads\/banner-seconhecer-14.png\" alt=\"\" class=\"wp-image-8764\" srcset=\"https:\/\/vittude.com\/blog\/wp-content\/uploads\/banner-seconhecer-14.png 900w, https:\/\/vittude.com\/blog\/wp-content\/uploads\/banner-seconhecer-14-300x117.png 300w, https:\/\/vittude.com\/blog\/wp-content\/uploads\/banner-seconhecer-14-768x299.png 768w\" sizes=\"(max-width: 900px) 100vw, 900px\" \/><\/a><\/figure>\n\n\n\n<h2 class=\"wp-block-heading\">Prepare-se: \u00e9 poss\u00edvel aprender a falar em p\u00fablico<\/h2>\n\n\n\n<p>Uma boa maneira de evitar constrangimentos ao falar em p\u00fablico, \u00e9 preparando-se bem e prevenindo-se de qualquer imprevisto.<\/p>\n\n\n\n<p>Quando voc\u00ea domina o conte\u00fado sobre o qual vai falar, as chances de precisar improvisar s\u00e3o menores, o que contribui para diminuir os n\u00edveis da <a rel=\"noreferrer noopener\" aria-label=\"inseguran\u00e7a (abre numa nova aba)\" href=\"https:\/\/vittude.com\/blog\/fala-psico\/como-lidar-com-a-inseguranca-emocional\/\" target=\"_blank\">inseguran\u00e7a<\/a>, grande respons\u00e1vel pelo <a href=\"https:\/\/vittude.com\/blog\/medo-como-superar\/\" target=\"_blank\" rel=\"noreferrer noopener\" aria-label=\"medo (abre numa nova aba)\">medo<\/a>.<\/p>\n\n\n\n<p>\u00c9 preciso estar preparado para os poss\u00edveis questionamentos da plateia, portanto, tente elaborar sua apresenta\u00e7\u00e3o respondendo as poss\u00edveis perguntas previamente.<\/p>\n\n\n\n<p>Treinar em voz alta, na frente do <a href=\"https:\/\/vittude.com\/blog\/fala-psico\/reflexoes-sobre-a-beleza-e-autoestima\/\" target=\"_blank\" rel=\"noreferrer noopener\" aria-label=\"espelho  (abre numa nova aba)\">espelho <\/a>ou at\u00e9 mesmo gravar as apresenta\u00e7\u00f5es podem ser alternativas para minimizar as chances de errar na hora de falar em p\u00fablico.<\/p>\n\n\n\n<p>Estes exerc\u00edcios permitem que voc\u00ea consiga identificar onde est\u00e3o suas falhas, como: postura, tom de voz ou dom\u00ednio do conte\u00fado. Assim, voc\u00ea pode corrigi-las antes de apresent\u00e1-las.<\/p>\n\n\n\n<p>Organize suas ideias em um Power Point. Assim ficar\u00e1 mais f\u00e1cil de determinar as informa\u00e7\u00f5es que ser\u00e3o passadas e te dar\u00e1 um aux\u00edlio caso voc\u00ea esque\u00e7a alguma informa\u00e7\u00e3o.<\/p>\n\n\n\n<p>O <a href=\"https:\/\/vittude.com\/blog\/meditacao-guiada\/\" target=\"_blank\" rel=\"noreferrer noopener\" aria-label=\"controle da respira\u00e7\u00e3o (abre numa nova aba)\">controle da respira\u00e7\u00e3o<\/a> tamb\u00e9m \u00e9 extremamente importante nestes momentos. A falta de ar nos momentos de tens\u00e3o podem desconcentr\u00e1-lo e tornar a fala embaralhada.<\/p>\n\n\n\n<h2 class=\"wp-block-heading\"><strong>Domine a ansiedade<\/strong><\/h2>\n\n\n\n<p>Grande inimiga das apresenta\u00e7\u00f5es p\u00fablicas, a <strong><a href=\"https:\/\/vittude.com\/blog\/ansiedade\/\" target=\"_blank\" rel=\"noreferrer noopener\" aria-label=\" (abre numa nova aba)\">ansiedade<\/a><\/strong> pode transformar estes momentos ainda mais aterrorizantes para quem sofre deste mal.<\/p>\n\n\n\n<figure class=\"wp-block-image\"><a href=\"https:\/\/conteudo.vittude.com\/trilha-de-emails-ansiedade?utm_source=blog&amp;utm_medium=banner&amp;utm_campaign=como-falar-em-publico-perca-seu-medo-e-aprenda-a-se-comunicar\" target=\"_blank\" rel=\"noreferrer noopener\"><img decoding=\"async\" width=\"900\" height=\"350\" src=\"https:\/\/vittude.com\/blog\/wp-content\/uploads\/banner-controlaransiedade-13.png\" alt=\"\" class=\"wp-image-8766\" srcset=\"https:\/\/vittude.com\/blog\/wp-content\/uploads\/banner-controlaransiedade-13.png 900w, https:\/\/vittude.com\/blog\/wp-content\/uploads\/banner-controlaransiedade-13-300x117.png 300w, https:\/\/vittude.com\/blog\/wp-content\/uploads\/banner-controlaransiedade-13-768x299.png 768w\" sizes=\"(max-width: 900px) 100vw, 900px\" \/><\/a><\/figure>\n\n\n\n<p>Ela \u00e9 respons\u00e1vel por te fazer imaginar situa\u00e7\u00f5es fantasiosas, e criar paranoias em sua cabe\u00e7a. Frases como: \u201cvai dar tudo errado\u201d ou \u201cv\u00e3o rir de mim\u201d s\u00e3o comuns para os ansiosos.<\/p>\n\n\n\n<p>\u00c9 preciso concentrar-se para dominar este problema e evitar que ele tome conta de voc\u00ea no dia da apresenta\u00e7\u00e3o.<\/p>\n\n\n\n<p>Algumas maneiras de se prevenir \u00e9 evitar alimentos e bebidas energ\u00e9ticas como refrigerantes \u00e0 base de cola ou o caf\u00e9 e realizar exerc\u00edcios de <a href=\"https:\/\/vittude.com\/blog\/psicologia-e-meditacao\/\" target=\"_blank\" rel=\"noreferrer noopener\" aria-label=\" (abre numa nova aba)\">respira\u00e7\u00e3o e relaxamento<\/a>.<\/p>\n\n\n\n<p>Os pensamentos positivos tamb\u00e9m podem ser grandes aliados para aliviar a tens\u00e3o do momento. Deve-se acreditar que tudo correr\u00e1 bem e que voc\u00ea conseguir\u00e1 transmitir as informa\u00e7\u00f5es de maneira clara e objetiva.<\/p>\n\n\n\n<figure class=\"wp-block-image\"><a href=\"\/blog\/test\/teste-depressao-ansiedade-stress-dass21\/?utm_source=blog&amp;utm_medium=banner&amp;utm_campaign=como-falar-em-publico-perca-seu-medo-e-aprenda-a-se-comunicar\" target=\"_blank\" rel=\"noreferrer noopener\"><img decoding=\"async\" width=\"900\" height=\"350\" src=\"https:\/\/vittude.com\/blog\/wp-content\/uploads\/banner-DAS-14.png\" alt=\"\" class=\"wp-image-8765\" srcset=\"https:\/\/vittude.com\/blog\/wp-content\/uploads\/banner-DAS-14.png 900w, https:\/\/vittude.com\/blog\/wp-content\/uploads\/banner-DAS-14-300x117.png 300w, https:\/\/vittude.com\/blog\/wp-content\/uploads\/banner-DAS-14-768x299.png 768w\" sizes=\"(max-width: 900px) 100vw, 900px\" \/><\/a><\/figure>\n\n\n\n<h2 class=\"wp-block-heading\"><strong>Trabalhe a auto confian\u00e7a<\/strong><\/h2>\n\n\n\n<p>Voc\u00ea deve acreditar no seu trabalho. O que voc\u00ea tem a dizer \u00e9 relevante para a vida daquelas pessoas que se encontram ali presentes. Este \u00e9 o primeiro passo para o sucesso da apresenta\u00e7\u00e3o.<\/p>\n\n\n\n<p>Uma pessoa segura e <a href=\"https:\/\/vittude.com\/blog\/confianca-dentro-das-empresas\/\" target=\"_blank\" rel=\"noreferrer noopener\" aria-label=\"confiante  (abre numa nova aba)\">confiante <\/a>transmite isso atrav\u00e9s de sua postura, tom de voz e at\u00e9 mesmo por sua express\u00e3o facial, ganhando credibilidade com seu p\u00fablico.<\/p>\n\n\n\n<p>Para adquirir essas <a href=\"https:\/\/vittude.com\/blog\/fala-psico\/habilidades-sociais-voce-pode-desenvolve-las-e-ter-sucesso\/\" target=\"_blank\" rel=\"noreferrer noopener\" aria-label=\"habilidades (abre numa nova aba)\">habilidades<\/a>, \u00e9 necess\u00e1rio prepara\u00e7\u00e3o e dom\u00ednio sobre o assunto que vai falar, evitando desviar-se do tema principal, sendo objetivo e conciso nas informa\u00e7\u00f5es transmitidas.<\/p>\n\n\n\n<p>A <strong><a rel=\"noreferrer noopener\" aria-label=\" (abre numa nova aba)\" href=\"https:\/\/vittude.com\/blog\/o-que-e-psicoterapia\/\" target=\"_blank\">psicoterapia<\/a><\/strong> \u00e9 um excelente processo para ajud\u00e1-lo a conquistar mais <a rel=\"noreferrer noopener\" aria-label=\"auto-confian\u00e7a (abre numa nova aba)\" href=\"https:\/\/vittude.com\/blog\/autoconfianca\/\" target=\"_blank\">auto-confian\u00e7a<\/a> e ampliar a <a href=\"https:\/\/vittude.com\/blog\/fala-psico\/7-passos-para-aprender-a-ter-mais-autoestima\/\" target=\"_blank\" rel=\"noreferrer noopener\" aria-label=\"autoestima (abre numa nova aba)\">autoestima<\/a>.<\/p>\n\n\n\n<figure class=\"wp-block-image\"><a href=\"http:\/\/conteudo.vittude.com\/trilha-de-emails-autoestima?utm_source=blog&amp;utm_medium=banner&amp;utm_campaign=como-falar-em-publico-perca-seu-medo-e-aprenda-a-se-comunicar\" target=\"_blank\" rel=\"noreferrer noopener\"><img loading=\"lazy\" decoding=\"async\" width=\"900\" height=\"350\" src=\"https:\/\/vittude.com\/blog\/wp-content\/uploads\/banner-autoestima-14.png\" alt=\"\" class=\"wp-image-8767\" srcset=\"https:\/\/vittude.com\/blog\/wp-content\/uploads\/banner-autoestima-14.png 900w, https:\/\/vittude.com\/blog\/wp-content\/uploads\/banner-autoestima-14-300x117.png 300w, https:\/\/vittude.com\/blog\/wp-content\/uploads\/banner-autoestima-14-768x299.png 768w\" sizes=\"(max-width: 900px) 100vw, 900px\" \/><\/a><\/figure>\n\n\n\n<h2 class=\"wp-block-heading\"><strong>Tenha foco<\/strong><\/h2>\n\n\n\n<p>Durante as apresenta\u00e7\u00f5es, \u00e9 preciso manter-se atento a todas as informa\u00e7\u00f5es para que nada passe despercebido.<\/p>\n\n\n\n<p>\u00c9 necess\u00e1rio que os conte\u00fados sejam passados de forma clara, com a linguagem adequada para o tipo de p\u00fablico presente. Deve-se evitar palavras rebuscadas e de dif\u00edcil entendimento.<\/p>\n\n\n\n<p>Evite se distrair com a plateia. Mantenha o olhar em um ponto fixo do local, isso ajudar\u00e1 a manter o foco, sem prender-se \u00e0s rea\u00e7\u00f5es do p\u00fablico.<\/p>\n\n\n\n<p>Tenha em mente que seu p\u00fablico nem sempre vai ser especialista no assunto. Portanto, n\u00e3o tenha medo de errar e caso isso aconte\u00e7a, <a href=\"https:\/\/vittude.com\/blog\/vergonha-como-superar\/\" target=\"_blank\" rel=\"noreferrer noopener\" aria-label=\"n\u00e3o se envergonhe (abre numa nova aba)\">n\u00e3o se envergonhe<\/a> se precisar corrigir.<\/p>\n\n\n\n<p>Os discursos devem ser encarados como oportunidade de evolu\u00e7\u00e3o e aprendizado. Esteja sempre aberto a coment\u00e1rios e cr\u00edticas, sejam elas positivas ou negativas.<\/p>\n\n\n\n<p>Para aqueles que desejam se aperfei\u00e7oar nos discursos e apresenta\u00e7\u00f5es, existem ainda <a rel=\"noopener noreferrer\" href=\"https:\/\/www.cursos24horas.com.br\/cursos\/pub.asp\" target=\"_blank\"><strong>cursos de orat\u00f3ria<\/strong><\/a>, que te auxiliam a desenvolver habilidades de comunica\u00e7\u00e3o e a perder o medo de falar em p\u00fablico.<\/p>\n\n\n\n<p><strong>Plataformas como a Vittude podem facilitar a busca por um psic\u00f3logo que atenda a requisitos espec\u00edficos para atender a todos que precisem de acompanhamento. <a rel=\"noreferrer noopener\" aria-label=\"Acesse nosso site (abre numa nova aba)\" href=\"https:\/\/www.vittude.com\/\" target=\"_blank\">Acesse nosso site<\/a> e confira voc\u00ea mesmo todas as oportunidades oferecidas!<\/strong><\/p>\n\n\n\n<p>Leia tamb\u00e9m:<\/p>\n\n\n\n<p><a href=\"https:\/\/vittude.com\/blog\/vergonha-como-superar\/\" target=\"_blank\" rel=\"noreferrer noopener\" aria-label=\"Vergonha: 5 passos para super\u00e1-la e pedir ajuda  (abre numa nova aba)\">Vergonha: 5 passos para super\u00e1-la e pedir ajuda <\/a><\/p>\n\n\n\n<p><a href=\"https:\/\/vittude.com\/blog\/como-perder-a-timidez\/\" target=\"_blank\" rel=\"noreferrer noopener\" aria-label=\"\u201cComo perder a timidez?&quot; Evite que ela prejudique sua carreira  (abre numa nova aba)\">\u201cComo perder a timidez?&#8221; Evite que ela prejudique sua carreira <\/a><\/p>\n","protected":false},"excerpt":{"rendered":"<p>Voc\u00ea tem medo de falar em p\u00fablico? Respons\u00e1vel por causar inseguran\u00e7a e nervosismo em apresenta\u00e7\u00f5es p\u00fablicas, o medo pode te impedir de se desenvolver profissionalmente. Seja na escola ou no trabalho, \u00e9 comum nos depararmos ao longo de nossas vidas com o medo de falar ou apresentar algo em p\u00fablico. A ansiedade e o nervosismo [&hellip;]<\/p>\n","protected":false},"author":5,"featured_media":29293,"comment_status":"open","ping_status":"open","sticky":false,"template":"","format":"standard","meta":{"_acf_changed":false,"footnotes":""},"categories":[3883],"tags":[4053,3918,4030,4031],"class_list":["post-29288","post","type-post","status-publish","format-standard","has-post-thumbnail","hentry","category-autocuidado","tag-autoconfianca","tag-comunicacao","tag-fobia","tag-habilidades-sociais"],"acf":[],"yoast_head":"<!-- This site is optimized with the Yoast SEO plugin v27.2 - https:\/\/yoast.com\/product\/yoast-seo-wordpress\/ -->\n<title>Como falar em p\u00fablico: perca seu medo e aprenda a se comunicar - Blog Vittude<\/title>\n<meta name=\"description\" content=\"Voc\u00ea tem medo de falar em p\u00fablico? Voc\u00ea n\u00e3o \u00e9 est\u00e1 sozinho. O medo de falar em p\u00fablico est\u00e1 mais presente do que o medo da pr\u00f3pria morte.\" \/>\n<meta name=\"robots\" content=\"index, follow, max-snippet:-1, max-image-preview:large, max-video-preview:-1\" \/>\n<link rel=\"canonical\" href=\"https:\/\/vittude.com\/blog\/medo-de-falar-em-publico\/\" \/>\n<meta property=\"og:locale\" content=\"pt_BR\" \/>\n<meta property=\"og:type\" content=\"article\" \/>\n<meta property=\"og:title\" content=\"Como falar em p\u00fablico: perca seu medo e aprenda a se comunicar - Blog Vittude\" \/>\n<meta property=\"og:description\" content=\"Voc\u00ea tem medo de falar em p\u00fablico? Voc\u00ea n\u00e3o \u00e9 est\u00e1 sozinho. O medo de falar em p\u00fablico est\u00e1 mais presente do que o medo da pr\u00f3pria morte.\" \/>\n<meta property=\"og:url\" content=\"https:\/\/vittude.com\/blog\/medo-de-falar-em-publico\/\" \/>\n<meta property=\"og:site_name\" content=\"Blog Vittude\" \/>\n<meta property=\"article:author\" content=\"https:\/\/www.facebook.com\/tatiana.pimenta.12\" \/>\n<meta property=\"article:published_time\" content=\"2017-11-16T15:51:36+00:00\" \/>\n<meta property=\"article:modified_time\" content=\"2023-08-30T12:22:51+00:00\" \/>\n<meta property=\"og:image\" content=\"https:\/\/vittude.com\/blog\/wp-content\/uploads\/250221-banners-b2b-2_Como-falar-em-publico-perca-seu-medo-e-aprenda-a-se-comunicar.png\" \/>\n\t<meta property=\"og:image:width\" content=\"829\" \/>\n\t<meta property=\"og:image:height\" content=\"487\" \/>\n\t<meta property=\"og:image:type\" content=\"image\/png\" \/>\n<meta name=\"author\" content=\"Tatiana Pimenta\" \/>\n<meta name=\"twitter:card\" content=\"summary_large_image\" \/>\n<meta name=\"twitter:creator\" content=\"@TatianaPimenta7\" \/>\n<meta name=\"twitter:label1\" content=\"Escrito por\" \/>\n\t<meta name=\"twitter:data1\" content=\"Tatiana Pimenta\" \/>\n\t<meta name=\"twitter:label2\" content=\"Est. tempo de leitura\" \/>\n\t<meta name=\"twitter:data2\" content=\"4 minutos\" \/>\n<!-- \/ Yoast SEO plugin. -->","yoast_head_json":{"title":"Como falar em p\u00fablico: perca seu medo e aprenda a se comunicar - Blog Vittude","description":"Voc\u00ea tem medo de falar em p\u00fablico? Voc\u00ea n\u00e3o \u00e9 est\u00e1 sozinho. O medo de falar em p\u00fablico est\u00e1 mais presente do que o medo da pr\u00f3pria morte.","robots":{"index":"index","follow":"follow","max-snippet":"max-snippet:-1","max-image-preview":"max-image-preview:large","max-video-preview":"max-video-preview:-1"},"canonical":"https:\/\/vittude.com\/blog\/medo-de-falar-em-publico\/","og_locale":"pt_BR","og_type":"article","og_title":"Como falar em p\u00fablico: perca seu medo e aprenda a se comunicar - Blog Vittude","og_description":"Voc\u00ea tem medo de falar em p\u00fablico? Voc\u00ea n\u00e3o \u00e9 est\u00e1 sozinho. O medo de falar em p\u00fablico est\u00e1 mais presente do que o medo da pr\u00f3pria morte.","og_url":"https:\/\/vittude.com\/blog\/medo-de-falar-em-publico\/","og_site_name":"Blog Vittude","article_author":"https:\/\/www.facebook.com\/tatiana.pimenta.12","article_published_time":"2017-11-16T15:51:36+00:00","article_modified_time":"2023-08-30T12:22:51+00:00","og_image":[{"width":829,"height":487,"url":"https:\/\/vittude.com\/blog\/wp-content\/uploads\/250221-banners-b2b-2_Como-falar-em-publico-perca-seu-medo-e-aprenda-a-se-comunicar.png","type":"image\/png"}],"author":"Tatiana Pimenta","twitter_card":"summary_large_image","twitter_creator":"@TatianaPimenta7","twitter_misc":{"Escrito por":"Tatiana Pimenta","Est. tempo de leitura":"4 minutos"},"schema":{"@context":"https:\/\/schema.org","@graph":[{"@type":"Article","@id":"https:\/\/vittude.com\/blog\/medo-de-falar-em-publico\/#article","isPartOf":{"@id":"https:\/\/vittude.com\/blog\/medo-de-falar-em-publico\/"},"author":{"name":"Tatiana Pimenta","@id":"https:\/\/vittude.com\/blog\/#\/schema\/person\/1e4a0af35b4bf41ca6999d599c409288"},"headline":"Como falar em p\u00fablico: perca seu medo e aprenda a se comunicar","datePublished":"2017-11-16T15:51:36+00:00","dateModified":"2023-08-30T12:22:51+00:00","mainEntityOfPage":{"@id":"https:\/\/vittude.com\/blog\/medo-de-falar-em-publico\/"},"wordCount":818,"commentCount":0,"publisher":{"@id":"https:\/\/vittude.com\/blog\/#organization"},"image":{"@id":"https:\/\/vittude.com\/blog\/medo-de-falar-em-publico\/#primaryimage"},"thumbnailUrl":"https:\/\/vittude.com\/blog\/wp-content\/uploads\/250221-banners-b2b-2_Como-falar-em-publico-perca-seu-medo-e-aprenda-a-se-comunicar.png","keywords":["Autoconfian\u00e7a","Comunica\u00e7\u00e3o","Fobia","Habilidades Sociais"],"articleSection":["Autocuidado"],"inLanguage":"pt-BR","potentialAction":[{"@type":"CommentAction","name":"Comment","target":["https:\/\/vittude.com\/blog\/medo-de-falar-em-publico\/#respond"]}]},{"@type":"WebPage","@id":"https:\/\/vittude.com\/blog\/medo-de-falar-em-publico\/","url":"https:\/\/vittude.com\/blog\/medo-de-falar-em-publico\/","name":"Como falar em p\u00fablico: perca seu medo e aprenda a se comunicar - Blog Vittude","isPartOf":{"@id":"https:\/\/vittude.com\/blog\/#website"},"primaryImageOfPage":{"@id":"https:\/\/vittude.com\/blog\/medo-de-falar-em-publico\/#primaryimage"},"image":{"@id":"https:\/\/vittude.com\/blog\/medo-de-falar-em-publico\/#primaryimage"},"thumbnailUrl":"https:\/\/vittude.com\/blog\/wp-content\/uploads\/250221-banners-b2b-2_Como-falar-em-publico-perca-seu-medo-e-aprenda-a-se-comunicar.png","datePublished":"2017-11-16T15:51:36+00:00","dateModified":"2023-08-30T12:22:51+00:00","description":"Voc\u00ea tem medo de falar em p\u00fablico? Voc\u00ea n\u00e3o \u00e9 est\u00e1 sozinho. O medo de falar em p\u00fablico est\u00e1 mais presente do que o medo da pr\u00f3pria morte.","breadcrumb":{"@id":"https:\/\/vittude.com\/blog\/medo-de-falar-em-publico\/#breadcrumb"},"inLanguage":"pt-BR","potentialAction":[{"@type":"ReadAction","target":["https:\/\/vittude.com\/blog\/medo-de-falar-em-publico\/"]}]},{"@type":"ImageObject","inLanguage":"pt-BR","@id":"https:\/\/vittude.com\/blog\/medo-de-falar-em-publico\/#primaryimage","url":"https:\/\/vittude.com\/blog\/wp-content\/uploads\/250221-banners-b2b-2_Como-falar-em-publico-perca-seu-medo-e-aprenda-a-se-comunicar.png","contentUrl":"https:\/\/vittude.com\/blog\/wp-content\/uploads\/250221-banners-b2b-2_Como-falar-em-publico-perca-seu-medo-e-aprenda-a-se-comunicar.png","width":829,"height":487},{"@type":"BreadcrumbList","@id":"https:\/\/vittude.com\/blog\/medo-de-falar-em-publico\/#breadcrumb","itemListElement":[{"@type":"ListItem","position":1,"name":"Blog","item":"https:\/\/vittude.com\/blog\/"},{"@type":"ListItem","position":2,"name":"Autocuidado","item":"https:\/\/vittude.com\/blog\/autocuidado\/"},{"@type":"ListItem","position":3,"name":"Como falar em p\u00fablico: perca seu medo e aprenda a se comunicar"}]},{"@type":"WebSite","@id":"https:\/\/vittude.com\/blog\/#website","url":"https:\/\/vittude.com\/blog\/","name":"Blog Vittude","description":"Os melhores conte\u00fados no Blog da Vittude, um portal de refer\u00eancia quando o assunto \u00e9 sa\u00fade mental e comportamento. Com mais de 2500 psic\u00f3logos, Vittude \u00e9 refer\u00eancia em Terapia Online no Brasil","publisher":{"@id":"https:\/\/vittude.com\/blog\/#organization"},"potentialAction":[{"@type":"SearchAction","target":{"@type":"EntryPoint","urlTemplate":"https:\/\/vittude.com\/blog\/?s={search_term_string}"},"query-input":{"@type":"PropertyValueSpecification","valueRequired":true,"valueName":"search_term_string"}}],"inLanguage":"pt-BR"},{"@type":"Organization","@id":"https:\/\/vittude.com\/blog\/#organization","name":"Vittude","url":"https:\/\/vittude.com\/blog\/","logo":{"@type":"ImageObject","inLanguage":"pt-BR","@id":"https:\/\/vittude.com\/blog\/#\/schema\/logo\/image\/","url":"https:\/\/www.vittude.com\/blog\/wp-content\/uploads\/logo-vittude.png","contentUrl":"https:\/\/www.vittude.com\/blog\/wp-content\/uploads\/logo-vittude.png","width":1921,"height":410,"caption":"Vittude"},"image":{"@id":"https:\/\/vittude.com\/blog\/#\/schema\/logo\/image\/"}},{"@type":"Person","@id":"https:\/\/vittude.com\/blog\/#\/schema\/person\/1e4a0af35b4bf41ca6999d599c409288","name":"Tatiana Pimenta","image":{"@type":"ImageObject","inLanguage":"pt-BR","@id":"https:\/\/secure.gravatar.com\/avatar\/dbaa41604185d733016aee1a13fedfd310f838e49129631602141c492b733c17?s=96&d=mm&r=g","url":"https:\/\/secure.gravatar.com\/avatar\/dbaa41604185d733016aee1a13fedfd310f838e49129631602141c492b733c17?s=96&d=mm&r=g","contentUrl":"https:\/\/secure.gravatar.com\/avatar\/dbaa41604185d733016aee1a13fedfd310f838e49129631602141c492b733c17?s=96&d=mm&r=g","caption":"Tatiana Pimenta"},"description":"CEO e Fundadora da Vittude. \u00c9 apaixonada por psicologia e comportamento humano, sendo grande estudiosa de temas como Psicologia Positiva e os impactos da felicidade na sa\u00fade f\u00edsica e mental. Cursou The Science of Happiness pela University of California, Berkeley. \u00c9 maratonista e praticante de Mindfulness. Encontrou na corrida de rua e na medita\u00e7\u00e3o fontes de disciplina, foco, felicidade e produtividade. Voc\u00ea tamb\u00e9m pode me seguir no Instagram @tatianaacpimenta","sameAs":["https:\/\/www.vittude.com\/","https:\/\/www.facebook.com\/tatiana.pimenta.12","https:\/\/www.instagram.com\/tatianaacpimenta","https:\/\/www.linkedin.com\/in\/tatianapimenta\/","https:\/\/x.com\/TatianaPimenta7"],"url":"https:\/\/vittude.com\/blog\/author\/tatiana-pimenta\/"}]}},"_links":{"self":[{"href":"https:\/\/vittude.com\/blog\/wp-json\/wp\/v2\/posts\/29288","targetHints":{"allow":["GET"]}}],"collection":[{"href":"https:\/\/vittude.com\/blog\/wp-json\/wp\/v2\/posts"}],"about":[{"href":"https:\/\/vittude.com\/blog\/wp-json\/wp\/v2\/types\/post"}],"author":[{"embeddable":true,"href":"https:\/\/vittude.com\/blog\/wp-json\/wp\/v2\/users\/5"}],"replies":[{"embeddable":true,"href":"https:\/\/vittude.com\/blog\/wp-json\/wp\/v2\/comments?post=29288"}],"version-history":[{"count":1,"href":"https:\/\/vittude.com\/blog\/wp-json\/wp\/v2\/posts\/29288\/revisions"}],"predecessor-version":[{"id":29709,"href":"https:\/\/vittude.com\/blog\/wp-json\/wp\/v2\/posts\/29288\/revisions\/29709"}],"wp:featuredmedia":[{"embeddable":true,"href":"https:\/\/vittude.com\/blog\/wp-json\/wp\/v2\/media\/29293"}],"wp:attachment":[{"href":"https:\/\/vittude.com\/blog\/wp-json\/wp\/v2\/media?parent=29288"}],"wp:term":[{"taxonomy":"category","embeddable":true,"href":"https:\/\/vittude.com\/blog\/wp-json\/wp\/v2\/categories?post=29288"},{"taxonomy":"post_tag","embeddable":true,"href":"https:\/\/vittude.com\/blog\/wp-json\/wp\/v2\/tags?post=29288"}],"curies":[{"name":"wp","href":"https:\/\/api.w.org\/{rel}","templated":true}]}}